{"id":24267,"date":"2025-09-12T18:25:09","date_gmt":"2025-09-12T15:25:09","guid":{"rendered":"https:\/\/www.stylediary.ro\/wordpress\/?p=24267"},"modified":"2025-09-12T18:25:10","modified_gmt":"2025-09-12T15:25:10","slug":"analiza-de-look-9","status":"publish","type":"post","link":"https:\/\/www.stylediary.ro\/wordpress\/2025\/09\/12\/analiza-de-look-9\/","title":{"rendered":"Analiz\u0103 de look #9"},"content":{"rendered":"\n<p>Prin natura meseriei, de prin 2005 sunt nevoit\u0103 s\u0103 privesc, analizez, evaluez \u0219i corectez diverse \u021binute aproape zilnic. Ceea ce face ca ast\u0103zi s\u0103 pot observa aproape intuitiv c\u00e2nd un look func\u021bioneaz\u0103 sau nu.<\/p>\n\n\n\n<p>\u0218i prin asta nu m\u0103 refer la \u201edac\u0103 se a\u0219eaza bine pe o siluet\u0103\u201d, asta e cea mai banal\u0103 \u0219i evident\u0103 observa\u021bie, de stilist \u00eencep\u0103tor. M\u0103 refer la texturi, propor\u021bii, echilibrul dintre feminin-masculin, c\u00e2nd e original\u0103 \u0219i c\u00e2nd e for\u021bat\u0103, c\u00e2nd e banal\u0103 \u0219i care ar fi fost efortul minim necesar pentru a o \u00eembun\u0103t\u0103\u021bi, c\u00e2nd e monoton\u0103 \u0219i c\u00e2nd e ostentativ\u0103, c\u00e2nd exist\u0103 armonie cromatic\u0103 \u0219i c\u00e2nd tonalit\u0103\u021bile sunt lipsite de via\u021b\u0103 sau stridente. Prin rubrica asta, pe care o reiau periodic (puteti da un search aici pe blog dupa \u201eanaliza de look\u201d), \u00eemi doresc s\u0103 v\u0103 transmit o parte din aceste cuno\u0219tinte, ca s\u0103 v\u0103 pute\u021bi auto-analiza \u0219i ameliora \u021binutele\u2026 asta p\u00e2n\u0103 c\u00e2nd v\u0103 decide\u021bi s\u0103 trece\u021bi \u00eempreun\u0103 cu mine prin<a href=\"https:\/\/www.stylediary.ro\/wordpress\/style-vision-board-un-nou-serviciu-11\/\" data-type=\"page\" data-id=\"23116\" target=\"_blank\" rel=\"noreferrer noopener\"> programul Style Vision Board<\/a> sau s\u0103 primi\u021bi feedback pe outfiturile voastre, \u00eentr-o <a href=\"https:\/\/www.stylediary.ro\/wordpress\/prima-pagina\/nou-style-talk-hour\/\" data-type=\"page\" data-id=\"23354\" target=\"_blank\" rel=\"noreferrer noopener\">\u0219edin\u021b\u0103 de Style Talk Hour<\/a>.<\/p>\n\n\n\n<h2 class=\"wp-block-heading\">Look 1 : Rendez-vous ratat<\/h2>\n\n\n<div class=\"wp-block-image is-style-rounded\">\n<figure class=\"aligncenter size-full is-resized\"><a href=\"https:\/\/www.stylediary.ro\/wordpress\/wp-content\/uploads\/2025\/09\/1756107649.jpg\"><img loading=\"lazy\" decoding=\"async\" data-attachment-id=\"24269\" data-permalink=\"https:\/\/www.stylediary.ro\/wordpress\/2025\/09\/12\/analiza-de-look-9\/attachment\/1756107649\/\" data-orig-file=\"https:\/\/www.stylediary.ro\/wordpress\/wp-content\/uploads\/2025\/09\/1756107649.jpg\" data-orig-size=\"700,900\" data-comments-opened=\"1\" data-image-meta=\"{&quot;aperture&quot;:&quot;0&quot;,&quot;credit&quot;:&quot;&quot;,&quot;camera&quot;:&quot;&quot;,&quot;caption&quot;:&quot;&quot;,&quot;created_timestamp&quot;:&quot;0&quot;,&quot;copyright&quot;:&quot;&quot;,&quot;focal_length&quot;:&quot;0&quot;,&quot;iso&quot;:&quot;0&quot;,&quot;shutter_speed&quot;:&quot;0&quot;,&quot;title&quot;:&quot;&quot;,&quot;orientation&quot;:&quot;1&quot;}\" data-image-title=\"1756107649\" data-image-description=\"\" data-image-caption=\"\" data-medium-file=\"https:\/\/www.stylediary.ro\/wordpress\/wp-content\/uploads\/2025\/09\/1756107649-233x300.jpg\" data-large-file=\"https:\/\/www.stylediary.ro\/wordpress\/wp-content\/uploads\/2025\/09\/1756107649.jpg\" src=\"https:\/\/www.stylediary.ro\/wordpress\/wp-content\/uploads\/2025\/09\/1756107649.jpg\" alt=\"\" class=\"wp-image-24269\" width=\"488\" height=\"627\" srcset=\"https:\/\/www.stylediary.ro\/wordpress\/wp-content\/uploads\/2025\/09\/1756107649.jpg 700w, https:\/\/www.stylediary.ro\/wordpress\/wp-content\/uploads\/2025\/09\/1756107649-233x300.jpg 233w\" sizes=\"auto, (max-width: 488px) 100vw, 488px\" \/><\/a><\/figure><\/div>\n\n\n<p><\/p>\n\n\n\n<p><em>Plusurile<\/em><\/p>\n\n\n\n<ul class=\"wp-block-list\">\n<li>Asocierea dintre o pies\u0103 estival\u0103 (rochia mini alb\u0103) \u0219i elemente din garderoba de toamn\u0103<\/li>\n\n\n\n<li>Utilizarea albului cald \u0219i a dantelei pentru a \u00eembl\u00e2nzi profunzimea ciocolatiului<\/li>\n\n\n\n<li>Delicate\u021bea colierului, care contrabalanseaz\u0103 volumul cvasi-masculin al gecii din piele<\/li>\n<\/ul>\n\n\n\n<p><em>Posibile \u00eembun\u0103t\u0103\u021biri<\/em><\/p>\n\n\n\n<ul class=\"wp-block-list\">\n<li>Asimetriile de la nivelul fustei \u00eemi evoc\u0103 desuurile de secol 19-incpeut de secol 20, care dep\u0103\u0219eau involuntar tivul rochiilor. Vizual, paraziteaz\u0103 \u201electura\u201d \u021binutei, nu adaug\u0103 nimic pozitiv ci din contra, sunt un detaliu inutil \u0219i mult prea vizibil<\/li>\n\n\n\n<li>Detaliul decupajului din v\u00e2rful cizmelor adaug\u0103 \u00eenc\u0103 un detaliu superfluu \u0219i perturb\u0103 alura general\u0103 a \u021binutei. Nu reprezint\u0103 nici o chestiune de originalitate, nici de tendin\u021be, nici de am\u0103nunt care s\u0103 rimeze cu povestea rochiei\u2026 nimic. Pentru genul acesta de \u021binut\u0103, care \u00eembin\u0103 dou\u0103 pove\u0219ti stilistice (dantela romantic\u0103 + piele moto\/ biker retro masculin), e de preferat s\u0103 introduce\u021bi elemente u\u0219or de identificat cu una din cele dou\u0103 pove\u0219ti. Doar \u00een felul acesta, look-ul devine coerent<\/li>\n\n\n\n<li>Omniprezen\u021ba maroului \u00eenchis, care sufoc\u0103 pu\u021bin \u021binuta. O geant\u0103 din rafie \u00eempletit\u0103, \u00eentr-o nuan\u021b\u0103 de bej sau camel, sau un model din piele verde \u00eenchis ar fi permis ca piesele vestimentare s\u0103 respire mai u\u0219or.<\/li>\n<\/ul>\n\n\n\n<h2 class=\"wp-block-heading\">Look 2 : Rock &amp; flop<br><\/h2>\n\n\n<div class=\"wp-block-image is-style-rounded\">\n<figure class=\"aligncenter size-full is-resized\"><a href=\"https:\/\/www.stylediary.ro\/wordpress\/wp-content\/uploads\/2025\/09\/1756108853.jpg\"><img loading=\"lazy\" decoding=\"async\" data-attachment-id=\"24272\" data-permalink=\"https:\/\/www.stylediary.ro\/wordpress\/2025\/09\/12\/analiza-de-look-9\/attachment\/1756108853\/\" data-orig-file=\"https:\/\/www.stylediary.ro\/wordpress\/wp-content\/uploads\/2025\/09\/1756108853.jpg\" data-orig-size=\"700,900\" data-comments-opened=\"1\" data-image-meta=\"{&quot;aperture&quot;:&quot;0&quot;,&quot;credit&quot;:&quot;&quot;,&quot;camera&quot;:&quot;&quot;,&quot;caption&quot;:&quot;&quot;,&quot;created_timestamp&quot;:&quot;0&quot;,&quot;copyright&quot;:&quot;&quot;,&quot;focal_length&quot;:&quot;0&quot;,&quot;iso&quot;:&quot;0&quot;,&quot;shutter_speed&quot;:&quot;0&quot;,&quot;title&quot;:&quot;&quot;,&quot;orientation&quot;:&quot;1&quot;}\" data-image-title=\"1756108853\" data-image-description=\"\" data-image-caption=\"\" data-medium-file=\"https:\/\/www.stylediary.ro\/wordpress\/wp-content\/uploads\/2025\/09\/1756108853-233x300.jpg\" data-large-file=\"https:\/\/www.stylediary.ro\/wordpress\/wp-content\/uploads\/2025\/09\/1756108853.jpg\" src=\"https:\/\/www.stylediary.ro\/wordpress\/wp-content\/uploads\/2025\/09\/1756108853.jpg\" alt=\"\" class=\"wp-image-24272\" width=\"488\" height=\"627\" srcset=\"https:\/\/www.stylediary.ro\/wordpress\/wp-content\/uploads\/2025\/09\/1756108853.jpg 700w, https:\/\/www.stylediary.ro\/wordpress\/wp-content\/uploads\/2025\/09\/1756108853-233x300.jpg 233w\" sizes=\"auto, (max-width: 488px) 100vw, 488px\" \/><\/a><\/figure><\/div>\n\n\n<p><\/p>\n\n\n\n<p><em>Plusurile<\/em><\/p>\n\n\n\n<ul class=\"wp-block-list\">\n<li>\u00cembinarea dintre tricoul rock \u0219i fusta romantic\u0103 din dantel\u0103<\/li>\n\n\n\n<li>Inser\u021bia unui accesoriu care ne duce cu g\u00e2ndul la var\u0103, mare, nisip, \u00eentr-o \u021binut\u0103 clar urban\u0103<\/li>\n\n\n\n<li>Reciclarea unui voal de mireas\u0103, transformat \u00een fust\u0103 maxi<\/li>\n<\/ul>\n\n\n\n<p><em>\u00cembun\u0103t\u0103\u021biri posibile<\/em><\/p>\n\n\n\n<ul class=\"wp-block-list\">\n<li>Amploarea tricoului (prea lung, prea larg) \u00eengreuneaz\u0103 \u0219i l\u0103\u021be\u0219te silueta, \u00eei d\u0103 o nota de masculin. \u00cempreun\u0103 cu fusta, prea dreapt\u0103 \u0219i prea lung\u0103, accentueaz\u0103 efectul nefinisat; \u021binuta arat\u0103 ca \u0219i cum cele dou\u0103 piese vestimentare au fost pur \u0219i simplu \u00eembr\u0103cate \u00een grab\u0103, f\u0103r\u0103 vreo inten\u021bie de styling. Minimul necesar ar fi fost \u00eenodarea tricoului \u00een lateral \u0219i\/ sau rularea man\u0219etelor; una din cele dou\u0103 sau am\u00e2ndou\u0103.<\/li>\n\n\n\n<li>\u00cen lipsa unei forme (croieli) clare, voalul de mireas\u0103 din dantel\u0103 nu reu\u0219e\u0219te s\u0103 ne arate frumuse\u021bea \u021bes\u0103turii. Ar fi meritat s\u0103 fie \u00eencredin\u021bat unei croitorese, care s\u0103 \u00eel transforme \u00eentr-o fust\u0103 cu clini. A\u0219a are aspectul unei fe\u021be de mas\u0103, prins\u0103 neglijent \u00een talie cu ni\u0219te ace de siguran\u021b\u0103. \u00cen plus, dantela ar fi fost pus\u0103 \u00een valoare prin purtarea unui top structurat, capabil s\u0103-i echilibreze fluiditatea \u0219i delicate\u021bea.<\/li>\n\n\n\n<li>Geanta Saddle Dior \u00eenc\u0103 nu a reu\u0219it s\u0103 se rup\u0103 de imaginea bling-bling (de diva kitsch \u0219i ostentativ\u0103) datorat\u0103 purt\u0103rii ei excesive de c\u0103tre Paris Hilton, acum mul\u021bi ani. Acestei \u021binute i-ar fi prins mult mai bine o geant\u0103 mai pu\u021bin cunoscut\u0103 sau cu o alta conota\u021bie\u2026<\/li>\n\n\n\n<li>Dac\u0103 ar fi fost alb, colierul cu scoici s-ar fi integrat mult mai bine \u00een acest look. Similar, dac\u0103 ar fi fost ales \u00eentr-o nuan\u021b\u0103 care s\u0103 se fi reg\u0103sit \u00een \u021binut\u0103: crem, gri deschis\u2026 \u00cempreun\u0103, ar fi creat un efect armonios, \u00een loc de a fractura cromatic ansamblul.<\/li>\n<\/ul>\n\n\n\n<h2 class=\"wp-block-heading\">Look 3 : Senzualitate prea evident\u0103<br><\/h2>\n\n\n<div class=\"wp-block-image is-style-rounded\">\n<figure class=\"aligncenter size-full is-resized\"><a href=\"https:\/\/www.stylediary.ro\/wordpress\/wp-content\/uploads\/2025\/09\/1756117435.jpg\"><img loading=\"lazy\" decoding=\"async\" data-attachment-id=\"24275\" data-permalink=\"https:\/\/www.stylediary.ro\/wordpress\/2025\/09\/12\/analiza-de-look-9\/attachment\/1756117435\/\" data-orig-file=\"https:\/\/www.stylediary.ro\/wordpress\/wp-content\/uploads\/2025\/09\/1756117435.jpg\" data-orig-size=\"700,900\" data-comments-opened=\"1\" data-image-meta=\"{&quot;aperture&quot;:&quot;0&quot;,&quot;credit&quot;:&quot;&quot;,&quot;camera&quot;:&quot;&quot;,&quot;caption&quot;:&quot;&quot;,&quot;created_timestamp&quot;:&quot;0&quot;,&quot;copyright&quot;:&quot;&quot;,&quot;focal_length&quot;:&quot;0&quot;,&quot;iso&quot;:&quot;0&quot;,&quot;shutter_speed&quot;:&quot;0&quot;,&quot;title&quot;:&quot;&quot;,&quot;orientation&quot;:&quot;1&quot;}\" data-image-title=\"1756117435\" data-image-description=\"\" data-image-caption=\"\" data-medium-file=\"https:\/\/www.stylediary.ro\/wordpress\/wp-content\/uploads\/2025\/09\/1756117435-233x300.jpg\" data-large-file=\"https:\/\/www.stylediary.ro\/wordpress\/wp-content\/uploads\/2025\/09\/1756117435.jpg\" src=\"https:\/\/www.stylediary.ro\/wordpress\/wp-content\/uploads\/2025\/09\/1756117435.jpg\" alt=\"\" class=\"wp-image-24275\" width=\"488\" height=\"627\" srcset=\"https:\/\/www.stylediary.ro\/wordpress\/wp-content\/uploads\/2025\/09\/1756117435.jpg 700w, https:\/\/www.stylediary.ro\/wordpress\/wp-content\/uploads\/2025\/09\/1756117435-233x300.jpg 233w\" sizes=\"auto, (max-width: 488px) 100vw, 488px\" \/><\/a><\/figure><\/div>\n\n\n<p><\/p>\n\n\n\n<p><em>Plusurile<\/em><\/p>\n\n\n\n<ul class=\"wp-block-list\">\n<li>Al\u0103turarea dintre piesa \u00een stil budoar (rochia furou\/ c\u0103ma\u0219\u0103 de noapte) \u0219i tricotajul moale, pufos<\/li>\n\n\n\n<li>Accentul pus pe accesorii (geant\u0103, \u00eenc\u0103l\u021b\u0103minte, ochelarii de soare), cu scopul de a crea un tandem discret de alb-negru<\/li>\n<\/ul>\n\n\n\n<p><em>Posibile \u00eembun\u0103t\u0103\u021biri<\/em><\/p>\n\n\n\n<ul class=\"wp-block-list\">\n<li>Rochia tip lenjerie intim\u0103 (c\u0103ma\u0219\u0103 de noapte, furou) este prea evident\u0103, iar absen\u021ba unui sutien nu face dec\u00e2t s\u0103 accentueze aceast\u0103 impresie. Dac\u0103 \u021binem neap\u0103rat s\u0103 adopt\u0103m tendin\u021ba \u201elenjerie intim\u0103 pe post de streetwear\u201d, e de preferat s\u0103 opt\u0103m fie pentru modele mai ambigue (de exemplu, evit\u00e2nd nuan\u021be de alb sidefat, roz pal, bej nud), fie pentru piese din dantel\u0103 care pot fi altfel stilizate (un maieu satinat cu tiv din dantel\u0103)<\/li>\n\n\n\n<li>Absen\u021ba contrastului dintre cardigan \u0219i rochie accentuaza dimensiunea \u201ehomewear\u201d a acestei \u021binute. Ar fi c\u0103p\u0103tat cu totul alt stil dac\u0103, \u00een locul cardiganului pufos, ar fi fost pus un sacou masculin, gri sau bleumarin.<\/li>\n\n\n\n<li>Combina\u021bi cu satinul rochiei, balerinii din plas\u0103 nu fac dec\u00e2t s\u0103 fixeze look-ul \u00eentr-un cli\u0219eu: seduc\u021bie egal piele expus\u0103 c\u00e2t mai mult. O pereche de basche\u021bi sau de mocasini cu talpa semi-groas\u0103, purta\u021bi cu ni\u0219te \u0219osete l\u0103sate pe glezn\u0103, ar fi ad\u0103ugat o not\u0103 ghidu\u0219\u0103, surprinz\u0103toare \u0219i original\u0103.<\/li>\n\n\n\n<li>Absen\u021ba oric\u0103ror bijuterii consolideaz\u0103 efectul de \u201eam c\u0103zut din pat\u201d al outfitului. Un colier cu personalitate (ceva vizibil, dar nu grosier sau supradimensionat) ar fi fost un strat interesant.<\/li>\n<\/ul>\n\n\n\n<h2 class=\"wp-block-heading\">Look 4 : Non\u0219alan\u021b\u0103 prost gestionat\u0103<br><\/h2>\n\n\n<div class=\"wp-block-image is-style-rounded\">\n<figure class=\"aligncenter size-full is-resized\"><a href=\"https:\/\/www.stylediary.ro\/wordpress\/wp-content\/uploads\/2025\/09\/1756112281.jpg\"><img loading=\"lazy\" decoding=\"async\" data-attachment-id=\"24277\" data-permalink=\"https:\/\/www.stylediary.ro\/wordpress\/2025\/09\/12\/analiza-de-look-9\/attachment\/1756112281\/\" data-orig-file=\"https:\/\/www.stylediary.ro\/wordpress\/wp-content\/uploads\/2025\/09\/1756112281.jpg\" data-orig-size=\"700,900\" data-comments-opened=\"1\" data-image-meta=\"{&quot;aperture&quot;:&quot;0&quot;,&quot;credit&quot;:&quot;&quot;,&quot;camera&quot;:&quot;&quot;,&quot;caption&quot;:&quot;&quot;,&quot;created_timestamp&quot;:&quot;0&quot;,&quot;copyright&quot;:&quot;&quot;,&quot;focal_length&quot;:&quot;0&quot;,&quot;iso&quot;:&quot;0&quot;,&quot;shutter_speed&quot;:&quot;0&quot;,&quot;title&quot;:&quot;&quot;,&quot;orientation&quot;:&quot;1&quot;}\" data-image-title=\"1756112281\" data-image-description=\"\" data-image-caption=\"\" data-medium-file=\"https:\/\/www.stylediary.ro\/wordpress\/wp-content\/uploads\/2025\/09\/1756112281-233x300.jpg\" data-large-file=\"https:\/\/www.stylediary.ro\/wordpress\/wp-content\/uploads\/2025\/09\/1756112281.jpg\" src=\"https:\/\/www.stylediary.ro\/wordpress\/wp-content\/uploads\/2025\/09\/1756112281.jpg\" alt=\"\" class=\"wp-image-24277\" width=\"488\" height=\"627\" srcset=\"https:\/\/www.stylediary.ro\/wordpress\/wp-content\/uploads\/2025\/09\/1756112281.jpg 700w, https:\/\/www.stylediary.ro\/wordpress\/wp-content\/uploads\/2025\/09\/1756112281-233x300.jpg 233w\" sizes=\"auto, (max-width: 488px) 100vw, 488px\" \/><\/a><\/figure><\/div>\n\n\n<p><em>Plusurile<\/em><\/p>\n\n\n\n<ul class=\"wp-block-list\">\n<li>Nuan\u021bele de gri, luminate de tu\u0219a de galben pal<\/li>\n\n\n\n<li>Dunga de dantel\u0103, care dep\u0103\u0219e\u0219te pu\u021bin tivul vestei<\/li>\n<\/ul>\n\n\n\n<p><em>Posibile \u00eembun\u0103t\u0103\u021biri<\/em><\/p>\n\n\n\n<ul class=\"wp-block-list\">\n<li>Fiind dintr-o \u021bes\u0103tur\u0103 moale \u0219i cu o croial\u0103 prea str\u00e2ns\u0103 \u00een zona gleznei, pantalonul defavorizeaz\u0103 \u021binuta. Un model de pantalon drept \u0219i larg, dintr-o \u021bes\u0103tur\u0103 mai dens\u0103, ar fi adus structur\u0103 \u0219i o not\u0103 masculin\u0103 mai asumat\u0103, mai clar\u0103<\/li>\n\n\n\n<li>Vesta tricotat\u0103 e prea lejer\u0103, prea moale, prea fluid\u0103. Nu creeaz\u0103 niciun fel de contrast cu dantela, am\u00e2ndou\u0103 r\u0103m\u00e2n \u00een acela\u0219i registru stilistic de feminin+feminin. Adic\u0103 nicio surpriz\u0103. Rezultatul e prozaic. O variant\u0103 mai ampl\u0103 sau mai texturat\u0103 ar fi permis ca \u00eentreaga siluet\u0103 s\u0103 capete densitate, profunzime, reliefare.<\/li>\n\n\n\n<li>Sandalele, \u0219i ele prea neutre, continu\u0103 impresia de banalitate a \u021binutei. \u021ainuta ar fi putut fi dinamizat\u0103 de ni\u0219te sandale moderne, cu talpa mai groas\u0103<\/li>\n\n\n\n<li>Materialul nedefinit al gen\u021bii bruiaz\u0103 tot outfitul. O geant\u0103 din piele \u00eempletit\u0103 ar fi adus un plus de structur\u0103 \u0219i textur\u0103.<\/li>\n<\/ul>\n\n\n\n<h2 class=\"wp-block-heading\">Look 5 : Molcom \u0219i pufos<\/h2>\n\n\n<div class=\"wp-block-image is-style-rounded\">\n<figure class=\"aligncenter size-full is-resized\"><a href=\"https:\/\/www.stylediary.ro\/wordpress\/wp-content\/uploads\/2025\/09\/1756113922.jpg\"><img loading=\"lazy\" decoding=\"async\" data-attachment-id=\"24278\" data-permalink=\"https:\/\/www.stylediary.ro\/wordpress\/2025\/09\/12\/analiza-de-look-9\/attachment\/1756113922\/\" data-orig-file=\"https:\/\/www.stylediary.ro\/wordpress\/wp-content\/uploads\/2025\/09\/1756113922.jpg\" data-orig-size=\"700,900\" data-comments-opened=\"1\" data-image-meta=\"{&quot;aperture&quot;:&quot;0&quot;,&quot;credit&quot;:&quot;&quot;,&quot;camera&quot;:&quot;&quot;,&quot;caption&quot;:&quot;&quot;,&quot;created_timestamp&quot;:&quot;0&quot;,&quot;copyright&quot;:&quot;&quot;,&quot;focal_length&quot;:&quot;0&quot;,&quot;iso&quot;:&quot;0&quot;,&quot;shutter_speed&quot;:&quot;0&quot;,&quot;title&quot;:&quot;&quot;,&quot;orientation&quot;:&quot;1&quot;}\" data-image-title=\"1756113922\" data-image-description=\"\" data-image-caption=\"\" data-medium-file=\"https:\/\/www.stylediary.ro\/wordpress\/wp-content\/uploads\/2025\/09\/1756113922-233x300.jpg\" data-large-file=\"https:\/\/www.stylediary.ro\/wordpress\/wp-content\/uploads\/2025\/09\/1756113922.jpg\" src=\"https:\/\/www.stylediary.ro\/wordpress\/wp-content\/uploads\/2025\/09\/1756113922.jpg\" alt=\"\" class=\"wp-image-24278\" width=\"488\" height=\"627\" srcset=\"https:\/\/www.stylediary.ro\/wordpress\/wp-content\/uploads\/2025\/09\/1756113922.jpg 700w, https:\/\/www.stylediary.ro\/wordpress\/wp-content\/uploads\/2025\/09\/1756113922-233x300.jpg 233w\" sizes=\"auto, (max-width: 488px) 100vw, 488px\" \/><\/a><\/figure><\/div>\n\n\n<p><\/p>\n\n\n\n<p><em>Plusurile<\/em><\/p>\n\n\n\n<ul class=\"wp-block-list\">\n<li>Cromatica monocrom\u0103, total ecru, cu jocuri de texturi<\/li>\n\n\n\n<li>Multiplele \u021bes\u0103turi naturale: denim, bumbac, rafie, tricotajul\u2026<\/li>\n<\/ul>\n\n\n\n<p><em>Posibile \u00eembun\u0103t\u0103\u021biri<\/em><\/p>\n\n\n\n<ul class=\"wp-block-list\">\n<li>Prea lung \u0219i prea amplu, kimono-ul \u00eenghite cu totul silueta. Un model ceva mai scurt sau, p\u0103str\u00e2nd lungimea, prins \u00een talie cu un cordon\/ curea, ar fi ajutat s\u0103 nu se creeze acest efect de compactare.<\/li>\n\n\n\n<li>Lungimea pantalonilor e\u2026 nicicum. Nici modern\u0103, nici clasic\u0103. \u00cen oricare din ambele cazuri, s-ar fi potrivit mai bine cu espadrilele care, \u0219i ele, acoper\u0103 prea mult piciorul. Deci: ori ar fi trebuit optat pentru un pantalon mai cropped, care s\u0103 descopere mai clar glezna, fie pentru unul lung, care s\u0103 se a\u0219eze elegant pe \u00eenc\u0103l\u021b\u0103minte.<\/li>\n\n\n\n<li>Espadrilele ecru, prea neutre \u0219i prea banale ca form\u0103, \u00eemb\u0103tr\u00e2nesc \u021binuta. O tu\u0219\u0103 de modern ar fi \u00eensemnat o pereche cu v\u00e2rful mai ascu\u021bit sau diferit decupate.<\/li>\n\n\n\n<li>Geanta, de\u0219i simpatic\u0103, este prea mic\u0103 \u00een compara\u021bie cu volumele \u0219i propor\u021biile \u021binutei. Vizual, se creeaz\u0103 un puternic dezechilibru. O geant\u0103 mai mare, din p\u00e2nz\u0103 de doc sau tot din rafie, neap\u0103rat mai pu\u021bin \u201eton sur ton\u201d cu outfitul, ar fi fost un mare plus.<\/li>\n<\/ul>\n\n\n\n<figure class=\"wp-block-pullquote\"><blockquote><p><strong>Buy me a coffee<\/strong>. \u2615  Dac\u0103 \u021bi-a placut acest articol sau dac\u0103 ceea ce scriu \u00een newsletter \u0219i pe Instagram te-a ajutat s\u0103 \u00ee\u021bi cultivi, \u00eembun\u0103t\u0103\u021be\u0219ti, rafinezi sau define\u0219ti stilul, s\u0103-\u021bi \u00eenfrumuse\u021bezi \u021binutele sau s\u0103 iei decizii vestimentare mai educate, m-a\u0219 bucura s\u0103-mi sprijini munca cu <a rel=\"noreferrer noopener\" href=\"https:\/\/www.buymeacoffee.com\/irinamko\" data-type=\"URL\" data-id=\"https:\/\/www.buymeacoffee.com\/irinamko\" target=\"_blank\">o cafea virtual\u0103, aici<\/a>. Sau dou\u0103. Mul\u021bumesc! <\/p><\/blockquote><\/figure>\n","protected":false},"excerpt":{"rendered":"<p>Prin natura meseriei, de prin 2005 sunt nevoit\u0103 s\u0103 privesc, analizez, evaluez \u0219i corectez diverse \u021binute aproape zilnic. Ceea ce face ca ast\u0103zi s\u0103 pot observa aproape intuitiv c\u00e2nd un look func\u021bioneaz\u0103 sau nu. \u0218i prin asta nu m\u0103 refer la \u201edac\u0103 se a\u0219eaza bine pe o siluet\u0103\u201d, asta e cea mai banal\u0103 \u0219i evident\u0103 [&hellip;]<\/p>\n","protected":false},"author":1,"featured_media":24281,"comment_status":"open","ping_status":"open","sticky":false,"template":"","format":"standard","meta":{"_jetpack_memberships_contains_paid_content":false,"footnotes":""},"categories":[10],"tags":[4034,4205,4204,4206,2202,4094],"class_list":["post-24267","post","type-post","status-publish","format-standard","has-post-thumbnail","hentry","category-stylists-advice","tag-analiza-de-look","tag-cizme-maro","tag-cum-arata-o-tinuta-frumoasa","tag-fusta-lunga-din-dantela","tag-outfit-styling","tag-style-vision-board"],"jetpack_featured_media_url":"https:\/\/www.stylediary.ro\/wordpress\/wp-content\/uploads\/2025\/09\/Analiza-de-look.png","jetpack_sharing_enabled":true,"_links":{"self":[{"href":"https:\/\/www.stylediary.ro\/wordpress\/wp-json\/wp\/v2\/posts\/24267","targetHints":{"allow":["GET"]}}],"collection":[{"href":"https:\/\/www.stylediary.ro\/wordpress\/wp-json\/wp\/v2\/posts"}],"about":[{"href":"https:\/\/www.stylediary.ro\/wordpress\/wp-json\/wp\/v2\/types\/post"}],"author":[{"embeddable":true,"href":"https:\/\/www.stylediary.ro\/wordpress\/wp-json\/wp\/v2\/users\/1"}],"replies":[{"embeddable":true,"href":"https:\/\/www.stylediary.ro\/wordpress\/wp-json\/wp\/v2\/comments?post=24267"}],"version-history":[{"count":8,"href":"https:\/\/www.stylediary.ro\/wordpress\/wp-json\/wp\/v2\/posts\/24267\/revisions"}],"predecessor-version":[{"id":24280,"href":"https:\/\/www.stylediary.ro\/wordpress\/wp-json\/wp\/v2\/posts\/24267\/revisions\/24280"}],"wp:featuredmedia":[{"embeddable":true,"href":"https:\/\/www.stylediary.ro\/wordpress\/wp-json\/wp\/v2\/media\/24281"}],"wp:attachment":[{"href":"https:\/\/www.stylediary.ro\/wordpress\/wp-json\/wp\/v2\/media?parent=24267"}],"wp:term":[{"taxonomy":"category","embeddable":true,"href":"https:\/\/www.stylediary.ro\/wordpress\/wp-json\/wp\/v2\/categories?post=24267"},{"taxonomy":"post_tag","embeddable":true,"href":"https:\/\/www.stylediary.ro\/wordpress\/wp-json\/wp\/v2\/tags?post=24267"}],"curies":[{"name":"wp","href":"https:\/\/api.w.org\/{rel}","templated":true}]}}