{"id":11935,"date":"2013-06-16T20:48:10","date_gmt":"2013-06-16T17:48:10","guid":{"rendered":"http:\/\/www.stylediary.ro\/wordpress\/?p=11935"},"modified":"2016-01-18T21:44:44","modified_gmt":"2016-01-18T19:44:44","slug":"sa-ma-tund-sau-nu","status":"publish","type":"post","link":"https:\/\/www.stylediary.ro\/wordpress\/2013\/06\/16\/sa-ma-tund-sau-nu\/","title":{"rendered":"Sa ma tund sau nu?"},"content":{"rendered":"<p>Baudelaire are <a href=\"http:\/\/literaturapopoarelor.blogspot.ro\/2011\/10\/charles-baudelaire-parul.html\" target=\"_blank\">un poem despre parul iubitei lui<\/a>, despre ale ei &#8222;<em>plete peste umeri in valuri raspandite<\/em>&#8221; si al sau <em>&#8222;navalnic parfum. dulceag si greu&#8221;<\/em>. In parul ei gaseste &#8222;<em>Asia molesita si Africa-nfocata, o lume de departe, pierduta, moarte-aproape&#8221;,<\/em> acolo este al sau &#8222;<em>port sonor in care sufletul viseaza, sorbind din plin culoare si sunet si parfum&#8221;<\/em>. Ca orice poet indragostit, isi doreste ca <em>&#8222;mereu! de-a pururi! mana se va grabi sa puna in coama ta podoabe de perla si rubin&#8221;<\/em>&#8230;<\/p>\n<p style=\"text-align: center;\"><a href=\"http:\/\/www.stylediary.ro\/wordpress\/wp-content\/uploads\/2013\/06\/86a849ae4a6ce77e31ef1a35abff9b03.jpg\"><img loading=\"lazy\" decoding=\"async\" data-attachment-id=\"11936\" data-permalink=\"https:\/\/www.stylediary.ro\/wordpress\/2013\/06\/16\/sa-ma-tund-sau-nu\/86a849ae4a6ce77e31ef1a35abff9b03\/\" data-orig-file=\"https:\/\/www.stylediary.ro\/wordpress\/wp-content\/uploads\/2013\/06\/86a849ae4a6ce77e31ef1a35abff9b03.jpg\" data-orig-size=\"320,480\" data-comments-opened=\"1\" data-image-meta=\"{&quot;aperture&quot;:&quot;0&quot;,&quot;credit&quot;:&quot;&quot;,&quot;camera&quot;:&quot;&quot;,&quot;caption&quot;:&quot;&quot;,&quot;created_timestamp&quot;:&quot;0&quot;,&quot;copyright&quot;:&quot;&quot;,&quot;focal_length&quot;:&quot;0&quot;,&quot;iso&quot;:&quot;0&quot;,&quot;shutter_speed&quot;:&quot;0&quot;,&quot;title&quot;:&quot;&quot;,&quot;orientation&quot;:&quot;0&quot;}\" data-image-title=\"Sa ma tund sau nu?\" data-image-description=\"\" data-image-caption=\"\" data-medium-file=\"https:\/\/www.stylediary.ro\/wordpress\/wp-content\/uploads\/2013\/06\/86a849ae4a6ce77e31ef1a35abff9b03-200x300.jpg\" data-large-file=\"https:\/\/www.stylediary.ro\/wordpress\/wp-content\/uploads\/2013\/06\/86a849ae4a6ce77e31ef1a35abff9b03.jpg\" class=\"aligncenter size-full wp-image-11936\" title=\"Sa ma tund sau nu?\" src=\"http:\/\/www.stylediary.ro\/wordpress\/wp-content\/uploads\/2013\/06\/86a849ae4a6ce77e31ef1a35abff9b03.jpg\" alt=\"\" width=\"320\" height=\"480\" srcset=\"https:\/\/www.stylediary.ro\/wordpress\/wp-content\/uploads\/2013\/06\/86a849ae4a6ce77e31ef1a35abff9b03.jpg 320w, https:\/\/www.stylediary.ro\/wordpress\/wp-content\/uploads\/2013\/06\/86a849ae4a6ce77e31ef1a35abff9b03-200x300.jpg 200w\" sizes=\"auto, (max-width: 320px) 100vw, 320px\" \/><\/a><\/p>\n<p>Acesta a fost al treilea lucru la care m-am gandit dupa ce am vazut reclama Louis Vuitton pentru A\/W 2012. Nu, nu m-a interesat geanta purtata de Arizona Muse, desi am remarcat-o. Nici Gioconda &#8211; am vazut-o in realitate si e dezamagitor de mica (ma asteptam la o panza de dimensiuni rubensiene*).<\/p>\n<p style=\"text-align: center;\"><a href=\"http:\/\/www.stylediary.ro\/wordpress\/wp-content\/uploads\/2013\/06\/muse1.jpg\"><img loading=\"lazy\" decoding=\"async\" data-attachment-id=\"11940\" data-permalink=\"https:\/\/www.stylediary.ro\/wordpress\/2013\/06\/16\/sa-ma-tund-sau-nu\/muse1\/\" data-orig-file=\"https:\/\/www.stylediary.ro\/wordpress\/wp-content\/uploads\/2013\/06\/muse1.jpg\" data-orig-size=\"700,853\" data-comments-opened=\"1\" data-image-meta=\"{&quot;aperture&quot;:&quot;0&quot;,&quot;credit&quot;:&quot;&quot;,&quot;camera&quot;:&quot;&quot;,&quot;caption&quot;:&quot;&quot;,&quot;created_timestamp&quot;:&quot;0&quot;,&quot;copyright&quot;:&quot;&quot;,&quot;focal_length&quot;:&quot;0&quot;,&quot;iso&quot;:&quot;0&quot;,&quot;shutter_speed&quot;:&quot;0&quot;,&quot;title&quot;:&quot;&quot;,&quot;orientation&quot;:&quot;0&quot;}\" data-image-title=\"Sa ma tund sau nu?\" data-image-description=\"\" data-image-caption=\"\" data-medium-file=\"https:\/\/www.stylediary.ro\/wordpress\/wp-content\/uploads\/2013\/06\/muse1-246x300.jpg\" data-large-file=\"https:\/\/www.stylediary.ro\/wordpress\/wp-content\/uploads\/2013\/06\/muse1.jpg\" class=\"aligncenter wp-image-11940\" title=\"Sa ma tund sau nu?\" src=\"http:\/\/www.stylediary.ro\/wordpress\/wp-content\/uploads\/2013\/06\/muse1.jpg\" alt=\"Arizona Muse pentru campania Louis Vuitton A\/W 2012\" width=\"446\" height=\"545\" \/><\/a><a href=\"http:\/\/www.stylediary.ro\/wordpress\/wp-content\/uploads\/2013\/06\/muse2.jpg\"><img decoding=\"async\" data-attachment-id=\"11939\" data-permalink=\"https:\/\/www.stylediary.ro\/wordpress\/2013\/06\/16\/sa-ma-tund-sau-nu\/muse2\/\" data-orig-file=\"https:\/\/www.stylediary.ro\/wordpress\/wp-content\/uploads\/2013\/06\/muse2.jpg\" data-orig-size=\"2470,1599\" data-comments-opened=\"1\" data-image-meta=\"{&quot;aperture&quot;:&quot;0&quot;,&quot;credit&quot;:&quot;&quot;,&quot;camera&quot;:&quot;&quot;,&quot;caption&quot;:&quot;&quot;,&quot;created_timestamp&quot;:&quot;0&quot;,&quot;copyright&quot;:&quot;&quot;,&quot;focal_length&quot;:&quot;0&quot;,&quot;iso&quot;:&quot;0&quot;,&quot;shutter_speed&quot;:&quot;0&quot;,&quot;title&quot;:&quot;&quot;,&quot;orientation&quot;:&quot;0&quot;}\" data-image-title=\"Sa ma tund sau nu?\" data-image-description=\"\" data-image-caption=\"\" data-medium-file=\"https:\/\/www.stylediary.ro\/wordpress\/wp-content\/uploads\/2013\/06\/muse2-300x194.jpg\" data-large-file=\"https:\/\/www.stylediary.ro\/wordpress\/wp-content\/uploads\/2013\/06\/muse2-1024x663.jpg\" class=\"aligncenter wp-image-11939\" title=\"Sa ma tund sau nu?\" src=\"http:\/\/www.stylediary.ro\/wordpress\/wp-content\/uploads\/2013\/06\/muse2-1024x662.jpg\" alt=\"Arizona Muse pentru campania Louis Vuitton A\/W 2012\" width=\"470\" \/><\/a><\/p>\n<p style=\"text-align: left;\">Privirea mi-a fost atrasa de valurile de par ondulat &#8211; scurt dar bogat, formidabil, seducator, un par prin care doresti sa iti treci degetele iar si iar. Si, pentru o clipa, m-am gandit sa ma tund la fel.<\/p>\n<p>Sa o fac sau sa nu o fac? A fost o mini-dezbatere cu mine insami, pe care am tratat-o cu seriozitate metafizica si cu o lista de argumente pro si contra.<\/p>\n<p><strong>DA, pentru ca&#8230;<\/strong><\/p>\n<p>.<strong>.. pare sa fie o noua moda, asumata de femei frumoase si &#8222;cu substanta&#8221;, nu de catre cele &#8222;de carton&#8221;.<\/strong><\/p>\n<p>O mare parte din lumea feminina &#8211; si nu neaparat din moda &#8211; a trecut la parul scurt. Splendoarea de Daria Werbowy, pentru coperta Vogue din septembrie anul trecut. Lena Dunham, mai radicala dar atat de draguta cu tunsoarea \u00e0 la gar\u00e7onne. Karlie Kloss si Catherine McNeil, care au trecut de la o coama bogata la un carr\u00e9 dezordonat dar mai feminin si mai natural decat orice par lung cu extensii. Audrey Tautou si Natalie Portman, preferatele mele, Emma Watson, Anne Hathaway, Michelle Williams samd.<\/p>\n<p style=\"text-align: center;\"><a href=\"http:\/\/www.stylediary.ro\/wordpress\/wp-content\/uploads\/2013\/06\/short-hair.jpg\"><img decoding=\"async\" data-attachment-id=\"11938\" data-permalink=\"https:\/\/www.stylediary.ro\/wordpress\/2013\/06\/16\/sa-ma-tund-sau-nu\/short-hair\/\" data-orig-file=\"https:\/\/www.stylediary.ro\/wordpress\/wp-content\/uploads\/2013\/06\/short-hair.jpg\" data-orig-size=\"640,780\" data-comments-opened=\"1\" data-image-meta=\"{&quot;aperture&quot;:&quot;0&quot;,&quot;credit&quot;:&quot;&quot;,&quot;camera&quot;:&quot;&quot;,&quot;caption&quot;:&quot;&quot;,&quot;created_timestamp&quot;:&quot;0&quot;,&quot;copyright&quot;:&quot;&quot;,&quot;focal_length&quot;:&quot;0&quot;,&quot;iso&quot;:&quot;0&quot;,&quot;shutter_speed&quot;:&quot;0&quot;,&quot;title&quot;:&quot;&quot;,&quot;orientation&quot;:&quot;0&quot;}\" data-image-title=\"Sa ma tund sau nu?\" data-image-description=\"\" data-image-caption=\"\" data-medium-file=\"https:\/\/www.stylediary.ro\/wordpress\/wp-content\/uploads\/2013\/06\/short-hair-246x300.jpg\" data-large-file=\"https:\/\/www.stylediary.ro\/wordpress\/wp-content\/uploads\/2013\/06\/short-hair.jpg\" class=\"aligncenter wp-image-11938\" title=\"Sa ma tund sau nu?\" src=\"http:\/\/www.stylediary.ro\/wordpress\/wp-content\/uploads\/2013\/06\/short-hair.jpg\" alt=\"Karlie Kloss, Lena Dunham, Cartherine McNeil, Daria Werbowy\" width=\"470\" srcset=\"https:\/\/www.stylediary.ro\/wordpress\/wp-content\/uploads\/2013\/06\/short-hair.jpg 640w, https:\/\/www.stylediary.ro\/wordpress\/wp-content\/uploads\/2013\/06\/short-hair-246x300.jpg 246w\" sizes=\"(max-width: 640px) 100vw, 640px\" \/><\/a><\/p>\n<p style=\"text-align: left;\"><strong>&#8230; toate femeile style icon au avut, la un moment dat, parul tuns scurt.<\/strong><\/p>\n<p style=\"text-align: left;\"><!--more--><\/p>\n<p>Charlotte Rampling este magnifica, in pictorialul pentru revista italiana Io Donna: imbracata in alb si negru, in pantaloni, asezata intr-o pozitie masculina. Singurul ei atribut feminin este parul. Alaturi de ea, Ines de la Fressange, Babe Paley, Miuccia Prada, Audrey Hepburn, Catherine Deneuve.<\/p>\n<p style=\"text-align: center;\"><a href=\"http:\/\/www.stylediary.ro\/wordpress\/wp-content\/uploads\/2013\/06\/short-hair2.jpg\"><img decoding=\"async\" data-attachment-id=\"11937\" data-permalink=\"https:\/\/www.stylediary.ro\/wordpress\/2013\/06\/16\/sa-ma-tund-sau-nu\/short-hair2\/\" data-orig-file=\"https:\/\/www.stylediary.ro\/wordpress\/wp-content\/uploads\/2013\/06\/short-hair2.jpg\" data-orig-size=\"753,1013\" data-comments-opened=\"1\" data-image-meta=\"{&quot;aperture&quot;:&quot;0&quot;,&quot;credit&quot;:&quot;&quot;,&quot;camera&quot;:&quot;&quot;,&quot;caption&quot;:&quot;&quot;,&quot;created_timestamp&quot;:&quot;0&quot;,&quot;copyright&quot;:&quot;&quot;,&quot;focal_length&quot;:&quot;0&quot;,&quot;iso&quot;:&quot;0&quot;,&quot;shutter_speed&quot;:&quot;0&quot;,&quot;title&quot;:&quot;&quot;,&quot;orientation&quot;:&quot;0&quot;}\" data-image-title=\"Sa ma tund sau nu?\" data-image-description=\"\" data-image-caption=\"\" data-medium-file=\"https:\/\/www.stylediary.ro\/wordpress\/wp-content\/uploads\/2013\/06\/short-hair2-223x300.jpg\" data-large-file=\"https:\/\/www.stylediary.ro\/wordpress\/wp-content\/uploads\/2013\/06\/short-hair2.jpg\" class=\"aligncenter wp-image-11937\" title=\"Sa ma tund sau nu?\" src=\"http:\/\/www.stylediary.ro\/wordpress\/wp-content\/uploads\/2013\/06\/short-hair2.jpg\" alt=\"Ines de la Fressange, Babe Paley, Monica Belucci, Charlotte Rampling\" width=\"470\" srcset=\"https:\/\/www.stylediary.ro\/wordpress\/wp-content\/uploads\/2013\/06\/short-hair2.jpg 753w, https:\/\/www.stylediary.ro\/wordpress\/wp-content\/uploads\/2013\/06\/short-hair2-223x300.jpg 223w\" sizes=\"(max-width: 753px) 100vw, 753px\" \/><\/a><\/p>\n<p style=\"text-align: left;\"><strong>NU, pentru ca&#8230;<\/strong><\/p>\n<p><strong>&#8230; feminitatea este inca asociata parului lung.<\/strong><\/p>\n<p>Port frecvent jeansi si camasi foarte simple. Nu am fost niciodata confundata cu un baiat si sunt departe de a avea un stil androgin. De ce sa schimb?<\/p>\n<p><strong>&#8230; e de vina Yves Saint Laurent.<\/strong><\/p>\n<p>In vara asta, se presupune ca vom purta toate palarii cu boruri mari. Asa a decis Hedi Slimane. Nu se potrivesc cu parul scurt.<\/p>\n<p><strong>&#8230; vreau sa incerc alte lucruri.<\/strong><\/p>\n<p>Nu sunt deloc indrazneata cu coafura mea. Imi schimb rar si cu discretie nuantarea parului. Insa in vara asta, in loc sa imi tund dramatic parul, voi incerca una dintre noile tendinte din hair-styling: <em><strong>nuantarea ombr\u00e9<\/strong>.<\/em><\/p>\n<p style=\"text-align: center;\"><a href=\"http:\/\/www.stylediary.ro\/wordpress\/wp-content\/uploads\/2013\/06\/ombre.jpg\"><img decoding=\"async\" data-attachment-id=\"11941\" data-permalink=\"https:\/\/www.stylediary.ro\/wordpress\/2013\/06\/16\/sa-ma-tund-sau-nu\/ombre\/\" data-orig-file=\"https:\/\/www.stylediary.ro\/wordpress\/wp-content\/uploads\/2013\/06\/ombre.jpg\" data-orig-size=\"698,439\" data-comments-opened=\"1\" data-image-meta=\"{&quot;aperture&quot;:&quot;0&quot;,&quot;credit&quot;:&quot;&quot;,&quot;camera&quot;:&quot;&quot;,&quot;caption&quot;:&quot;&quot;,&quot;created_timestamp&quot;:&quot;0&quot;,&quot;copyright&quot;:&quot;&quot;,&quot;focal_length&quot;:&quot;0&quot;,&quot;iso&quot;:&quot;0&quot;,&quot;shutter_speed&quot;:&quot;0&quot;,&quot;title&quot;:&quot;&quot;,&quot;orientation&quot;:&quot;0&quot;}\" data-image-title=\"Sa ma tund sau nu?\" data-image-description=\"\" data-image-caption=\"\" data-medium-file=\"https:\/\/www.stylediary.ro\/wordpress\/wp-content\/uploads\/2013\/06\/ombre-300x189.jpg\" data-large-file=\"https:\/\/www.stylediary.ro\/wordpress\/wp-content\/uploads\/2013\/06\/ombre.jpg\" class=\"aligncenter wp-image-11941\" title=\"Sa ma tund sau nu?\" src=\"http:\/\/www.stylediary.ro\/wordpress\/wp-content\/uploads\/2013\/06\/ombre.jpg\" alt=\"\" width=\"470\" srcset=\"https:\/\/www.stylediary.ro\/wordpress\/wp-content\/uploads\/2013\/06\/ombre.jpg 698w, https:\/\/www.stylediary.ro\/wordpress\/wp-content\/uploads\/2013\/06\/ombre-300x189.jpg 300w\" sizes=\"(max-width: 698px) 100vw, 698px\" \/><\/a><\/p>\n<p>Celor dintre voi care aveti chef de o schimbare vizibila, dar nu brutala, le lansez aceeasi invitatie: incercati acum sau niciodata o noua tendinta &#8211; ca e decolorarea ombre, ca e varianta tye &amp; dye&#8230; E momentul sa treceti pe la coafor, sa va scurtati varfurile, sa va ingrijiti putin pletele. Poate un poet va va dedica o poezie, la fel de frumoasa ca cea a lui Baudelaire. Sau poate nu, dar trecandu-va mana prin par, veti redescoperi un gest de feminitate si seductie&#8230;<\/p>\n<p>PS: In caz ca va intrebati care a fost al doilea lucru la care m-am gandit dupa ce am vazut reclama LV si motivul principal pentru care (inca) nu ma tund scurt. De saptamana aceasta incep sa <strong>testez, timp de 90 de zile, noul Neogenic Vichy cu stemoxidina 5%, un tratament revolutionar de reinnoire capilara<\/strong>. In termeni stiintifici, Neogenic ajuta la regenerarea foliculilor firelor de par si la redensificarea parului, fara a fi o simpla tratare localizata. In limbaj obisnuit, asta inseamna ca dupa 3 luni de utilizare, parul devine mai des, apar fire de par noi si rezistente. Cum sa ma tund scurt, cand tocmai mi s-a promis par mai bogat? \ud83d\ude42<\/p>\n<p>*aici fac o acolada: nu e un joc de cuvinte si nu incerc sa fac legatura cu femeile voluptos-planturoase pictate de el, ci de dimensiunea fizica, enorma a tablourilor lui. Unele au 7-8 metri inaltime)<\/p>\n<p style=\"text-align: center;\"><em>Inscrie-te la <a href=\"https:\/\/my.sendinblue.com\/users\/subscribe\/js_id\/21lk8\/id\/1\">newsletterul <\/a>nostru si vei fi prima care primeste idei de tinute si recomandari de shopping, afla despre concursurile cu premii si citeste articolele de pe Style Diary!<\/em><\/p>\n<p><em>Surse foto: pinterest.com, louisvuitton.com, about.com<\/em><\/p>\n","protected":false},"excerpt":{"rendered":"<p>Baudelaire are un poem despre parul iubitei lui, despre ale ei &#8222;plete peste umeri in valuri raspandite&#8221; si al sau &#8222;navalnic parfum. dulceag si greu&#8221;. In parul ei gaseste &#8222;Asia molesita si Africa-nfocata, o lume de departe, pierduta, moarte-aproape&#8221;, acolo este al sau &#8222;port sonor in care sufletul viseaza, sorbind din plin culoare si sunet [&hellip;]<\/p>\n","protected":false},"author":1,"featured_media":0,"comment_status":"open","ping_status":"open","sticky":false,"template":"","format":"standard","meta":{"_jetpack_memberships_contains_paid_content":false,"footnotes":""},"categories":[23,17],"tags":[2154,2155,1379,214,2156,2153,544,2150,2151,1417,2152],"class_list":["post-11935","post","type-post","status-publish","format-standard","hentry","category-remarks-observations","category-vanity-case-beauty-make-up","tag-arizona-muse","tag-catherine-mcneil","tag-coafuri-par-lung","tag-ines-de-la-fressange","tag-karlie-kloss","tag-lena-dunham","tag-louis-vuitton","tag-neogenic-vichy","tag-ombre","tag-par-lung","tag-tendinte-hairstyling-vara-2013"],"jetpack_featured_media_url":"","jetpack_sharing_enabled":true,"_links":{"self":[{"href":"https:\/\/www.stylediary.ro\/wordpress\/wp-json\/wp\/v2\/posts\/11935","targetHints":{"allow":["GET"]}}],"collection":[{"href":"https:\/\/www.stylediary.ro\/wordpress\/wp-json\/wp\/v2\/posts"}],"about":[{"href":"https:\/\/www.stylediary.ro\/wordpress\/wp-json\/wp\/v2\/types\/post"}],"author":[{"embeddable":true,"href":"https:\/\/www.stylediary.ro\/wordpress\/wp-json\/wp\/v2\/users\/1"}],"replies":[{"embeddable":true,"href":"https:\/\/www.stylediary.ro\/wordpress\/wp-json\/wp\/v2\/comments?post=11935"}],"version-history":[{"count":2,"href":"https:\/\/www.stylediary.ro\/wordpress\/wp-json\/wp\/v2\/posts\/11935\/revisions"}],"predecessor-version":[{"id":18423,"href":"https:\/\/www.stylediary.ro\/wordpress\/wp-json\/wp\/v2\/posts\/11935\/revisions\/18423"}],"wp:attachment":[{"href":"https:\/\/www.stylediary.ro\/wordpress\/wp-json\/wp\/v2\/media?parent=11935"}],"wp:term":[{"taxonomy":"category","embeddable":true,"href":"https:\/\/www.stylediary.ro\/wordpress\/wp-json\/wp\/v2\/categories?post=11935"},{"taxonomy":"post_tag","embeddable":true,"href":"https:\/\/www.stylediary.ro\/wordpress\/wp-json\/wp\/v2\/tags?post=11935"}],"curies":[{"name":"wp","href":"https:\/\/api.w.org\/{rel}","templated":true}]}}